{"id":2685,"date":"2024-09-11T18:38:00","date_gmt":"2024-09-11T16:38:00","guid":{"rendered":"https:\/\/harsanyipinceszet.hu\/?p=2685"},"modified":"2024-09-16T10:07:33","modified_gmt":"2024-09-16T08:07:33","slug":"harsanyi-elmenyszuret-2024","status":"publish","type":"post","link":"https:\/\/harsanyipinceszet.hu\/en\/harsanyi-elmenyszuret-2024\/","title":{"rendered":"Hars\u00e1nyi Festive Harvest 2024"},"content":{"rendered":"<p>With the onset of autumn, the vineyards are at their natural best and one of the most exciting times of the year, the harvest, is upon us. At the Hars\u00e1nyi Winery, harvest is not just a job, it is a tradition, a community experience and the culmination of a year's hard work. With the drought at the end of August and the sudden surge in sugar levels, we had to react quickly: we started the harvest in the last days of the year to produce good quality dry wine.<\/p>\n\n\n\n<p class=\"has-medium-font-size\"><strong>Harvest from Kir\u00e1ly Hill to Cir\u00f3ka<\/strong><\/p>\n\n\n\n<p>First <strong>we picked the fruit from the Kir\u00e1ly Hill vineyard,<\/strong> where <strong>harvesters picked muscat<\/strong> and <strong>furmint<\/strong> Next came <strong>the Cir\u00f3ka vineyard<\/strong>, where we harvested more furmint and <strong>h\u00e1rslevel\u0171 (lindenbl\u00e4ttriger),<\/strong> which are the basis of our sparkling and fresh wines.<\/p>\n\n\n\n<p>For our vineyard-selected wines, the Furmint grapes are harvested gradually from the <strong>Kir\u00e1ly-Hill<\/strong>, the <strong>Cir\u00f3ka<\/strong> and finally the <strong>Megyer vineyards<\/strong>. This year's highest yield was from the Cir\u00f3ka vineyard, although the droughty summer held back the volume, so the 2024 harvest was slightly smaller than in 2023.<\/p>\n\n\n\n<p style=\"font-size:17px\">We still have some vines left in our fields, saving for a late harvest. Our furmint and muscat are intended to be the base for our sweet wines and we hope to have the opportunity to make asz\u00fa this year. The autumn weather, which arrived in the second week of September, will hopefully positively affect the grapes still on the vine.<\/p>\n\n\n\n<p style=\"font-size:17px\">The 2024 vintage wines of Hars\u00e1nyi Winery are once again promising, as our organically farmed grapes are healthy and have provided excellent raw material.<\/p>\n\n\n\n<p class=\"has-medium-font-size\"><strong>A harvest experience at the Hars\u00e1nyi estate on 21st of September<\/strong><\/p>\n\n\n\n<p>For years, Hars\u00e1nyi Winery has been organising a <a href=\"https:\/\/dulobisztro.hu\/harsanyi-szuret\/\">traditional festive harvest<\/a> , which will take place on <strong>21st of September this year.<\/strong> On this day, our guests will be able to get an insight into the excitement of grape picking and take part in the first steps of winemaking. But the harvest experience is not just about the work! There's lunch, wine tasting, harvest fun and lots of laughs. A special day when the beauty of nature and the love of wine culture come together.<\/p>\n\n\n\n<p>Don't miss this unforgettable experience! Join us on 21 September and experience first-hand what it's like to be part of the harvest. Smell the fresh grapes, taste the flavours of the wines and enjoy the fun community. <a href=\"https:\/\/rendezvenyregisztracio.hu\/rendezvenyek\/dulobisztro\/harsanyi-szuret\/\">Buy your ticket<\/a> today and be part of this special tradition!<\/p>\n\n\n\n<p><br>We welcome you at the Hars\u00e1nyi Winery, where traditions and experiences meet!<\/p>","protected":false},"excerpt":{"rendered":"<p>Az \u0151sz bek\u00f6sz\u00f6nt\u00e9vel a sz\u0151l\u0151k a term\u00e9szet legszebb arc\u00e1t mutatj\u00e1k, \u00e9s el\u00e9rkezik az \u00e9v egyik legizgalmasabb id\u0151szaka, a sz\u00fcret. A Hars\u00e1nyi Pinc\u00e9szetn\u00e9l a sz\u00fcret nem csup\u00e1n egy munka, hanem hagyom\u00e1ny, k\u00f6z\u00f6ss\u00e9gi \u00e9lm\u00e9ny \u00e9s egyben az eg\u00e9sz \u00e9ves kem\u00e9ny munka megkoron\u00e1z\u00e1sa. Az augusztus v\u00e9gi asz\u00e1ly \u00e9s a hirtelen megugr\u00f3 cukortartalom miatt pedig gyorsan kellett reag\u00e1lnunk: a [&hellip;]<\/p>\n","protected":false},"author":2,"featured_media":2688,"comment_status":"closed","ping_status":"closed","sticky":false,"template":"","format":"standard","meta":{"_acf_changed":false,"_seopress_robots_primary_cat":"none","_seopress_titles_title":"","_seopress_titles_desc":"","_seopress_robots_index":"","_breakdance_hide_in_design_set":false,"_breakdance_tags":"","footnotes":""},"categories":[19],"tags":[],"class_list":["post-2685","post","type-post","status-publish","format-standard","has-post-thumbnail","hentry","category-hirek"],"acf":[],"_links":{"self":[{"href":"https:\/\/harsanyipinceszet.hu\/en\/wp-json\/wp\/v2\/posts\/2685","targetHints":{"allow":["GET"]}}],"collection":[{"href":"https:\/\/harsanyipinceszet.hu\/en\/wp-json\/wp\/v2\/posts"}],"about":[{"href":"https:\/\/harsanyipinceszet.hu\/en\/wp-json\/wp\/v2\/types\/post"}],"author":[{"embeddable":true,"href":"https:\/\/harsanyipinceszet.hu\/en\/wp-json\/wp\/v2\/users\/2"}],"replies":[{"embeddable":true,"href":"https:\/\/harsanyipinceszet.hu\/en\/wp-json\/wp\/v2\/comments?post=2685"}],"version-history":[{"count":0,"href":"https:\/\/harsanyipinceszet.hu\/en\/wp-json\/wp\/v2\/posts\/2685\/revisions"}],"wp:featuredmedia":[{"embeddable":true,"href":"https:\/\/harsanyipinceszet.hu\/en\/wp-json\/wp\/v2\/media\/2688"}],"wp:attachment":[{"href":"https:\/\/harsanyipinceszet.hu\/en\/wp-json\/wp\/v2\/media?parent=2685"}],"wp:term":[{"taxonomy":"category","embeddable":true,"href":"https:\/\/harsanyipinceszet.hu\/en\/wp-json\/wp\/v2\/categories?post=2685"},{"taxonomy":"post_tag","embeddable":true,"href":"https:\/\/harsanyipinceszet.hu\/en\/wp-json\/wp\/v2\/tags?post=2685"}],"curies":[{"name":"wp","href":"https:\/\/api.w.org\/{rel}","templated":true}]}}